{"id":8188,"date":"2026-09-03T14:05:19","date_gmt":"2026-09-03T20:05:19","guid":{"rendered":"https:\/\/centroculturalteopanzolco.com\/?p=8188"},"modified":"2026-09-03T15:03:15","modified_gmt":"2026-09-03T21:03:15","slug":"concierto-de-la-orquesta-sinfonica-nacional","status":"publish","type":"post","link":"https:\/\/centroculturalteopanzolco.com\/en\/2026\/09\/03\/concierto-de-la-orquesta-sinfonica-nacional\/","title":{"rendered":"Concierto de la Orquesta Sinf\u00f3nica Nacional"},"content":{"rendered":"<p><span style=\"font-weight: 400;\">La Orquesta Sinf\u00f3nica Nacional, bajo la direcci\u00f3n art\u00edstica de Ludwig Carrasco, presenta un programa que recorre distintas expresiones del sinfonismo, desde una de las obras cumbre del repertorio universal hasta dos importantes creaciones latinoamericanas del siglo XX. El concierto re\u00fane la fuerza y el dramatismo de la Sinfon\u00eda n\u00fam. 5 de Ludwig van Beethoven con el lenguaje nacionalista de Jos\u00e9 Pablo Moncayo, representado por Llano Alegre, y la riqueza r\u00edtmica y t\u00edmbrica de Alberto Ginastera en sus Variaciones concertantes, una de las obras fundamentales del repertorio orquestal argentino. Un encuentro entre tres lenguajes musicales que, desde perspectivas y \u00e9pocas distintas, exploran la identidad, la energ\u00eda y las posibilidades expresivas de la orquesta.<\/span><\/p>\n<p><span style=\"font-weight: 400;\">Boletos a la venta en taquilla y\u00a0<\/span><a href=\"https:\/\/boletia.com\/billboards\/centro-cultural-teopanzolco\"><b>Boletia.com<\/b><\/a><\/p>\n<p>&nbsp;<\/p>","protected":false},"excerpt":{"rendered":"<p>La Orquesta Sinf\u00f3nica Nacional, bajo la direcci\u00f3n art\u00edstica de Ludwig Carrasco, presenta un programa que recorre distintas expresiones del sinfonismo, desde una de las obras cumbre del repertorio universal hasta dos importantes creaciones latinoamericanas del siglo XX. El concierto re\u00fane la fuerza y el dramatismo de la Sinfon\u00eda n\u00fam. 5 de Ludwig van Beethoven con [&hellip;]<\/p>\n","protected":false},"author":1,"featured_media":8186,"comment_status":"open","ping_status":"open","sticky":false,"template":"","format":"standard","meta":{"_acf_changed":false,"_bbp_topic_count":0,"_bbp_reply_count":0,"_bbp_total_topic_count":0,"_bbp_total_reply_count":0,"_bbp_voice_count":0,"_bbp_anonymous_reply_count":0,"_bbp_topic_count_hidden":0,"_bbp_reply_count_hidden":0,"_bbp_forum_subforum_count":0,"footnotes":""},"categories":[1,45],"tags":[],"class_list":["post-8188","post","type-post","status-publish","format-standard","has-post-thumbnail","hentry","category-cartelera","category-musica"],"acf":[],"yoast_head":"<!-- This site is optimized with the Yoast SEO plugin v28.1 - https:\/\/yoast.com\/product\/yoast-seo-wordpress\/ -->\n<title>Concierto de la Orquesta Sinf\u00f3nica Nacional - Centro Cultural Teopanzolco<\/title>\n<meta name=\"robots\" content=\"index, follow, max-snippet:-1, max-image-preview:large, max-video-preview:-1\" \/>\n<link rel=\"canonical\" href=\"https:\/\/centroculturalteopanzolco.com\/en\/2026\/09\/03\/concierto-de-la-orquesta-sinfonica-nacional\/\" \/>\n<meta property=\"og:locale\" content=\"en_US\" \/>\n<meta property=\"og:type\" content=\"article\" \/>\n<meta property=\"og:title\" content=\"Concierto de la Orquesta Sinf\u00f3nica Nacional - Centro Cultural Teopanzolco\" \/>\n<meta property=\"og:description\" content=\"La Orquesta Sinf\u00f3nica Nacional, bajo la direcci\u00f3n art\u00edstica de Ludwig Carrasco, presenta un programa que recorre distintas expresiones del sinfonismo, desde una de las obras cumbre del repertorio universal hasta dos importantes creaciones latinoamericanas del siglo XX. El concierto re\u00fane la fuerza y el dramatismo de la Sinfon\u00eda n\u00fam. 5 de Ludwig van Beethoven con [&hellip;]\" \/>\n<meta property=\"og:url\" content=\"https:\/\/centroculturalteopanzolco.com\/en\/2026\/09\/03\/concierto-de-la-orquesta-sinfonica-nacional\/\" \/>\n<meta property=\"og:site_name\" content=\"Centro Cultural Teopanzolco\" \/>\n<meta property=\"article:publisher\" content=\"https:\/\/www.facebook.com\/CCTeopanzolco\" \/>\n<meta property=\"article:published_time\" content=\"2026-09-03T20:05:19+00:00\" \/>\n<meta property=\"article:modified_time\" content=\"2026-09-03T21:03:15+00:00\" \/>\n<meta property=\"og:image\" content=\"https:\/\/centroculturalteopanzolco.com\/wp-content\/uploads\/2026\/09\/OSN-03.webp\" \/>\n\t<meta property=\"og:image:width\" content=\"1042\" \/>\n\t<meta property=\"og:image:height\" content=\"1042\" \/>\n\t<meta property=\"og:image:type\" content=\"image\/webp\" \/>\n<meta name=\"author\" content=\"admin\" \/>\n<meta name=\"twitter:card\" content=\"summary_large_image\" \/>\n<meta name=\"twitter:creator\" content=\"@CCTeopanzolco\" \/>\n<meta name=\"twitter:site\" content=\"@CCTeopanzolco\" \/>\n<meta name=\"twitter:label1\" content=\"Written by\" \/>\n\t<meta name=\"twitter:data1\" content=\"admin\" \/>\n\t<meta name=\"twitter:label2\" content=\"Est. reading time\" \/>\n\t<meta name=\"twitter:data2\" content=\"1 minute\" \/>\n<script type=\"application\/ld+json\" class=\"yoast-schema-graph\">{\"@context\":\"https:\\\/\\\/schema.org\",\"@graph\":[{\"@type\":\"Article\",\"@id\":\"https:\\\/\\\/centroculturalteopanzolco.com\\\/2026\\\/09\\\/03\\\/concierto-de-la-orquesta-sinfonica-nacional\\\/#article\",\"isPartOf\":{\"@id\":\"https:\\\/\\\/centroculturalteopanzolco.com\\\/2026\\\/09\\\/03\\\/concierto-de-la-orquesta-sinfonica-nacional\\\/\"},\"author\":{\"name\":\"admin\",\"@id\":\"https:\\\/\\\/centroculturalteopanzolco.com\\\/#\\\/schema\\\/person\\\/29b5e107c7a621c3f99f99ba274ad8e8\"},\"headline\":\"Concierto de la Orquesta Sinf\u00f3nica Nacional\",\"datePublished\":\"2026-09-03T20:05:19+00:00\",\"dateModified\":\"2026-09-03T21:03:15+00:00\",\"mainEntityOfPage\":{\"@id\":\"https:\\\/\\\/centroculturalteopanzolco.com\\\/2026\\\/09\\\/03\\\/concierto-de-la-orquesta-sinfonica-nacional\\\/\"},\"wordCount\":137,\"commentCount\":0,\"publisher\":{\"@id\":\"https:\\\/\\\/centroculturalteopanzolco.com\\\/#organization\"},\"image\":{\"@id\":\"https:\\\/\\\/centroculturalteopanzolco.com\\\/2026\\\/09\\\/03\\\/concierto-de-la-orquesta-sinfonica-nacional\\\/#primaryimage\"},\"thumbnailUrl\":\"https:\\\/\\\/centroculturalteopanzolco.com\\\/wp-content\\\/uploads\\\/2026\\\/09\\\/OSN-03.webp\",\"articleSection\":[\"Cartelera\",\"M\u00fasica\"],\"inLanguage\":\"en-US\",\"potentialAction\":[{\"@type\":\"CommentAction\",\"name\":\"Comment\",\"target\":[\"https:\\\/\\\/centroculturalteopanzolco.com\\\/2026\\\/09\\\/03\\\/concierto-de-la-orquesta-sinfonica-nacional\\\/#respond\"]}]},{\"@type\":\"WebPage\",\"@id\":\"https:\\\/\\\/centroculturalteopanzolco.com\\\/2026\\\/09\\\/03\\\/concierto-de-la-orquesta-sinfonica-nacional\\\/\",\"url\":\"https:\\\/\\\/centroculturalteopanzolco.com\\\/2026\\\/09\\\/03\\\/concierto-de-la-orquesta-sinfonica-nacional\\\/\",\"name\":\"Concierto de la Orquesta Sinf\u00f3nica Nacional - Centro Cultural Teopanzolco\",\"isPartOf\":{\"@id\":\"https:\\\/\\\/centroculturalteopanzolco.com\\\/#website\"},\"primaryImageOfPage\":{\"@id\":\"https:\\\/\\\/centroculturalteopanzolco.com\\\/2026\\\/09\\\/03\\\/concierto-de-la-orquesta-sinfonica-nacional\\\/#primaryimage\"},\"image\":{\"@id\":\"https:\\\/\\\/centroculturalteopanzolco.com\\\/2026\\\/09\\\/03\\\/concierto-de-la-orquesta-sinfonica-nacional\\\/#primaryimage\"},\"thumbnailUrl\":\"https:\\\/\\\/centroculturalteopanzolco.com\\\/wp-content\\\/uploads\\\/2026\\\/09\\\/OSN-03.webp\",\"datePublished\":\"2026-09-03T20:05:19+00:00\",\"dateModified\":\"2026-09-03T21:03:15+00:00\",\"breadcrumb\":{\"@id\":\"https:\\\/\\\/centroculturalteopanzolco.com\\\/2026\\\/09\\\/03\\\/concierto-de-la-orquesta-sinfonica-nacional\\\/#breadcrumb\"},\"inLanguage\":\"en-US\",\"potentialAction\":[{\"@type\":\"ReadAction\",\"target\":[\"https:\\\/\\\/centroculturalteopanzolco.com\\\/2026\\\/09\\\/03\\\/concierto-de-la-orquesta-sinfonica-nacional\\\/\"]}]},{\"@type\":\"ImageObject\",\"inLanguage\":\"en-US\",\"@id\":\"https:\\\/\\\/centroculturalteopanzolco.com\\\/2026\\\/09\\\/03\\\/concierto-de-la-orquesta-sinfonica-nacional\\\/#primaryimage\",\"url\":\"https:\\\/\\\/centroculturalteopanzolco.com\\\/wp-content\\\/uploads\\\/2026\\\/09\\\/OSN-03.webp\",\"contentUrl\":\"https:\\\/\\\/centroculturalteopanzolco.com\\\/wp-content\\\/uploads\\\/2026\\\/09\\\/OSN-03.webp\",\"width\":1042,\"height\":1042},{\"@type\":\"BreadcrumbList\",\"@id\":\"https:\\\/\\\/centroculturalteopanzolco.com\\\/2026\\\/09\\\/03\\\/concierto-de-la-orquesta-sinfonica-nacional\\\/#breadcrumb\",\"itemListElement\":[{\"@type\":\"ListItem\",\"position\":1,\"name\":\"Portada\",\"item\":\"https:\\\/\\\/centroculturalteopanzolco.com\\\/\"},{\"@type\":\"ListItem\",\"position\":2,\"name\":\"Concierto de la Orquesta Sinf\u00f3nica Nacional\"}]},{\"@type\":\"WebSite\",\"@id\":\"https:\\\/\\\/centroculturalteopanzolco.com\\\/#website\",\"url\":\"https:\\\/\\\/centroculturalteopanzolco.com\\\/\",\"name\":\"Centro Cultural Teopanzolco\",\"description\":\"Un espacio para el arte y la cultura en Morelos\",\"publisher\":{\"@id\":\"https:\\\/\\\/centroculturalteopanzolco.com\\\/#organization\"},\"potentialAction\":[{\"@type\":\"SearchAction\",\"target\":{\"@type\":\"EntryPoint\",\"urlTemplate\":\"https:\\\/\\\/centroculturalteopanzolco.com\\\/?s={search_term_string}\"},\"query-input\":{\"@type\":\"PropertyValueSpecification\",\"valueRequired\":true,\"valueName\":\"search_term_string\"}}],\"inLanguage\":\"en-US\"},{\"@type\":\"Organization\",\"@id\":\"https:\\\/\\\/centroculturalteopanzolco.com\\\/#organization\",\"name\":\"Centro Cultural Teopanzolco\",\"url\":\"https:\\\/\\\/centroculturalteopanzolco.com\\\/\",\"logo\":{\"@type\":\"ImageObject\",\"inLanguage\":\"en-US\",\"@id\":\"https:\\\/\\\/centroculturalteopanzolco.com\\\/#\\\/schema\\\/logo\\\/image\\\/\",\"url\":\"https:\\\/\\\/centroculturalteopanzolco.com\\\/wp-content\\\/uploads\\\/2024\\\/11\\\/Logo-de-Secretaria-de-cultura-y-Logo-Centro-Cultural-de-Teopanzolco.png\",\"contentUrl\":\"https:\\\/\\\/centroculturalteopanzolco.com\\\/wp-content\\\/uploads\\\/2024\\\/11\\\/Logo-de-Secretaria-de-cultura-y-Logo-Centro-Cultural-de-Teopanzolco.png\",\"width\":618,\"height\":89,\"caption\":\"Centro Cultural Teopanzolco\"},\"image\":{\"@id\":\"https:\\\/\\\/centroculturalteopanzolco.com\\\/#\\\/schema\\\/logo\\\/image\\\/\"},\"sameAs\":[\"https:\\\/\\\/www.facebook.com\\\/CCTeopanzolco\",\"https:\\\/\\\/x.com\\\/CCTeopanzolco\",\"https:\\\/\\\/www.instagram.com\\\/ccteopanzolco\\\/\"]},{\"@type\":\"Person\",\"@id\":\"https:\\\/\\\/centroculturalteopanzolco.com\\\/#\\\/schema\\\/person\\\/29b5e107c7a621c3f99f99ba274ad8e8\",\"name\":\"admin\",\"image\":{\"@type\":\"ImageObject\",\"inLanguage\":\"en-US\",\"@id\":\"https:\\\/\\\/secure.gravatar.com\\\/avatar\\\/23d0c7d35785ab1fc46bbd4955d0d0bf759bd594cac4248050c0880c158ec2ac?s=96&r=g\",\"url\":\"https:\\\/\\\/secure.gravatar.com\\\/avatar\\\/23d0c7d35785ab1fc46bbd4955d0d0bf759bd594cac4248050c0880c158ec2ac?s=96&r=g\",\"contentUrl\":\"https:\\\/\\\/secure.gravatar.com\\\/avatar\\\/23d0c7d35785ab1fc46bbd4955d0d0bf759bd594cac4248050c0880c158ec2ac?s=96&r=g\",\"caption\":\"admin\"},\"url\":\"https:\\\/\\\/centroculturalteopanzolco.com\\\/en\\\/author\\\/admin\\\/\"}]}<\/script>\n<!-- \/ Yoast SEO plugin. -->","yoast_head_json":{"title":"Concierto de la Orquesta Sinf\u00f3nica Nacional - Centro Cultural Teopanzolco","robots":{"index":"index","follow":"follow","max-snippet":"max-snippet:-1","max-image-preview":"max-image-preview:large","max-video-preview":"max-video-preview:-1"},"canonical":"https:\/\/centroculturalteopanzolco.com\/en\/2026\/09\/03\/concierto-de-la-orquesta-sinfonica-nacional\/","og_locale":"en_US","og_type":"article","og_title":"Concierto de la Orquesta Sinf\u00f3nica Nacional - Centro Cultural Teopanzolco","og_description":"La Orquesta Sinf\u00f3nica Nacional, bajo la direcci\u00f3n art\u00edstica de Ludwig Carrasco, presenta un programa que recorre distintas expresiones del sinfonismo, desde una de las obras cumbre del repertorio universal hasta dos importantes creaciones latinoamericanas del siglo XX. El concierto re\u00fane la fuerza y el dramatismo de la Sinfon\u00eda n\u00fam. 5 de Ludwig van Beethoven con [&hellip;]","og_url":"https:\/\/centroculturalteopanzolco.com\/en\/2026\/09\/03\/concierto-de-la-orquesta-sinfonica-nacional\/","og_site_name":"Centro Cultural Teopanzolco","article_publisher":"https:\/\/www.facebook.com\/CCTeopanzolco","article_published_time":"2026-09-03T20:05:19+00:00","article_modified_time":"2026-09-03T21:03:15+00:00","og_image":[{"width":1042,"height":1042,"url":"https:\/\/centroculturalteopanzolco.com\/wp-content\/uploads\/2026\/09\/OSN-03.webp","type":"image\/webp"}],"author":"admin","twitter_card":"summary_large_image","twitter_creator":"@CCTeopanzolco","twitter_site":"@CCTeopanzolco","twitter_misc":{"Written by":"admin","Est. reading time":"1 minute"},"schema":{"@context":"https:\/\/schema.org","@graph":[{"@type":"Article","@id":"https:\/\/centroculturalteopanzolco.com\/2026\/09\/03\/concierto-de-la-orquesta-sinfonica-nacional\/#article","isPartOf":{"@id":"https:\/\/centroculturalteopanzolco.com\/2026\/09\/03\/concierto-de-la-orquesta-sinfonica-nacional\/"},"author":{"name":"admin","@id":"https:\/\/centroculturalteopanzolco.com\/#\/schema\/person\/29b5e107c7a621c3f99f99ba274ad8e8"},"headline":"Concierto de la Orquesta Sinf\u00f3nica Nacional","datePublished":"2026-09-03T20:05:19+00:00","dateModified":"2026-09-03T21:03:15+00:00","mainEntityOfPage":{"@id":"https:\/\/centroculturalteopanzolco.com\/2026\/09\/03\/concierto-de-la-orquesta-sinfonica-nacional\/"},"wordCount":137,"commentCount":0,"publisher":{"@id":"https:\/\/centroculturalteopanzolco.com\/#organization"},"image":{"@id":"https:\/\/centroculturalteopanzolco.com\/2026\/09\/03\/concierto-de-la-orquesta-sinfonica-nacional\/#primaryimage"},"thumbnailUrl":"https:\/\/centroculturalteopanzolco.com\/wp-content\/uploads\/2026\/09\/OSN-03.webp","articleSection":["Cartelera","M\u00fasica"],"inLanguage":"en-US","potentialAction":[{"@type":"CommentAction","name":"Comment","target":["https:\/\/centroculturalteopanzolco.com\/2026\/09\/03\/concierto-de-la-orquesta-sinfonica-nacional\/#respond"]}]},{"@type":"WebPage","@id":"https:\/\/centroculturalteopanzolco.com\/2026\/09\/03\/concierto-de-la-orquesta-sinfonica-nacional\/","url":"https:\/\/centroculturalteopanzolco.com\/2026\/09\/03\/concierto-de-la-orquesta-sinfonica-nacional\/","name":"Concierto de la Orquesta Sinf\u00f3nica Nacional - Centro Cultural Teopanzolco","isPartOf":{"@id":"https:\/\/centroculturalteopanzolco.com\/#website"},"primaryImageOfPage":{"@id":"https:\/\/centroculturalteopanzolco.com\/2026\/09\/03\/concierto-de-la-orquesta-sinfonica-nacional\/#primaryimage"},"image":{"@id":"https:\/\/centroculturalteopanzolco.com\/2026\/09\/03\/concierto-de-la-orquesta-sinfonica-nacional\/#primaryimage"},"thumbnailUrl":"https:\/\/centroculturalteopanzolco.com\/wp-content\/uploads\/2026\/09\/OSN-03.webp","datePublished":"2026-09-03T20:05:19+00:00","dateModified":"2026-09-03T21:03:15+00:00","breadcrumb":{"@id":"https:\/\/centroculturalteopanzolco.com\/2026\/09\/03\/concierto-de-la-orquesta-sinfonica-nacional\/#breadcrumb"},"inLanguage":"en-US","potentialAction":[{"@type":"ReadAction","target":["https:\/\/centroculturalteopanzolco.com\/2026\/09\/03\/concierto-de-la-orquesta-sinfonica-nacional\/"]}]},{"@type":"ImageObject","inLanguage":"en-US","@id":"https:\/\/centroculturalteopanzolco.com\/2026\/09\/03\/concierto-de-la-orquesta-sinfonica-nacional\/#primaryimage","url":"https:\/\/centroculturalteopanzolco.com\/wp-content\/uploads\/2026\/09\/OSN-03.webp","contentUrl":"https:\/\/centroculturalteopanzolco.com\/wp-content\/uploads\/2026\/09\/OSN-03.webp","width":1042,"height":1042},{"@type":"BreadcrumbList","@id":"https:\/\/centroculturalteopanzolco.com\/2026\/09\/03\/concierto-de-la-orquesta-sinfonica-nacional\/#breadcrumb","itemListElement":[{"@type":"ListItem","position":1,"name":"Portada","item":"https:\/\/centroculturalteopanzolco.com\/"},{"@type":"ListItem","position":2,"name":"Concierto de la Orquesta Sinf\u00f3nica Nacional"}]},{"@type":"WebSite","@id":"https:\/\/centroculturalteopanzolco.com\/#website","url":"https:\/\/centroculturalteopanzolco.com\/","name":"Cultural Center Teopanzolco","description":"A space for art and culture in Morelos","publisher":{"@id":"https:\/\/centroculturalteopanzolco.com\/#organization"},"potentialAction":[{"@type":"SearchAction","target":{"@type":"EntryPoint","urlTemplate":"https:\/\/centroculturalteopanzolco.com\/?s={search_term_string}"},"query-input":{"@type":"PropertyValueSpecification","valueRequired":true,"valueName":"search_term_string"}}],"inLanguage":"en-US"},{"@type":"Organization","@id":"https:\/\/centroculturalteopanzolco.com\/#organization","name":"Cultural Center Teopanzolco","url":"https:\/\/centroculturalteopanzolco.com\/","logo":{"@type":"ImageObject","inLanguage":"en-US","@id":"https:\/\/centroculturalteopanzolco.com\/#\/schema\/logo\/image\/","url":"https:\/\/centroculturalteopanzolco.com\/wp-content\/uploads\/2024\/11\/Logo-de-Secretaria-de-cultura-y-Logo-Centro-Cultural-de-Teopanzolco.png","contentUrl":"https:\/\/centroculturalteopanzolco.com\/wp-content\/uploads\/2024\/11\/Logo-de-Secretaria-de-cultura-y-Logo-Centro-Cultural-de-Teopanzolco.png","width":618,"height":89,"caption":"Centro Cultural Teopanzolco"},"image":{"@id":"https:\/\/centroculturalteopanzolco.com\/#\/schema\/logo\/image\/"},"sameAs":["https:\/\/www.facebook.com\/CCTeopanzolco","https:\/\/x.com\/CCTeopanzolco","https:\/\/www.instagram.com\/ccteopanzolco\/"]},{"@type":"Person","@id":"https:\/\/centroculturalteopanzolco.com\/#\/schema\/person\/29b5e107c7a621c3f99f99ba274ad8e8","name":"admin","image":{"@type":"ImageObject","inLanguage":"en-US","@id":"https:\/\/secure.gravatar.com\/avatar\/23d0c7d35785ab1fc46bbd4955d0d0bf759bd594cac4248050c0880c158ec2ac?s=96&r=g","url":"https:\/\/secure.gravatar.com\/avatar\/23d0c7d35785ab1fc46bbd4955d0d0bf759bd594cac4248050c0880c158ec2ac?s=96&r=g","contentUrl":"https:\/\/secure.gravatar.com\/avatar\/23d0c7d35785ab1fc46bbd4955d0d0bf759bd594cac4248050c0880c158ec2ac?s=96&r=g","caption":"admin"},"url":"https:\/\/centroculturalteopanzolco.com\/en\/author\/admin\/"}]}},"_links":{"self":[{"href":"https:\/\/centroculturalteopanzolco.com\/en\/wp-json\/wp\/v2\/posts\/8188","targetHints":{"allow":["GET"]}}],"collection":[{"href":"https:\/\/centroculturalteopanzolco.com\/en\/wp-json\/wp\/v2\/posts"}],"about":[{"href":"https:\/\/centroculturalteopanzolco.com\/en\/wp-json\/wp\/v2\/types\/post"}],"author":[{"embeddable":true,"href":"https:\/\/centroculturalteopanzolco.com\/en\/wp-json\/wp\/v2\/users\/1"}],"replies":[{"embeddable":true,"href":"https:\/\/centroculturalteopanzolco.com\/en\/wp-json\/wp\/v2\/comments?post=8188"}],"version-history":[{"count":1,"href":"https:\/\/centroculturalteopanzolco.com\/en\/wp-json\/wp\/v2\/posts\/8188\/revisions"}],"predecessor-version":[{"id":8189,"href":"https:\/\/centroculturalteopanzolco.com\/en\/wp-json\/wp\/v2\/posts\/8188\/revisions\/8189"}],"wp:featuredmedia":[{"embeddable":true,"href":"https:\/\/centroculturalteopanzolco.com\/en\/wp-json\/wp\/v2\/media\/8186"}],"wp:attachment":[{"href":"https:\/\/centroculturalteopanzolco.com\/en\/wp-json\/wp\/v2\/media?parent=8188"}],"wp:term":[{"taxonomy":"category","embeddable":true,"href":"https:\/\/centroculturalteopanzolco.com\/en\/wp-json\/wp\/v2\/categories?post=8188"},{"taxonomy":"post_tag","embeddable":true,"href":"https:\/\/centroculturalteopanzolco.com\/en\/wp-json\/wp\/v2\/tags?post=8188"}],"curies":[{"name":"wp","href":"https:\/\/api.w.org\/{rel}","templated":true}]}}